{"id":13973,"date":"2020-06-29T09:01:34","date_gmt":"2020-06-29T07:01:34","guid":{"rendered":"https:\/\/www.muzej-idrija-cerkno.si\/?p=13973"},"modified":"2024-02-02T10:25:29","modified_gmt":"2024-02-02T09:25:29","slug":"idrija-municipal-museum-receives-european-donation","status":"publish","type":"post","link":"https:\/\/www.muzej-idrija-cerkno.si\/en\/idrija-municipal-museum-receives-european-donation\/","title":{"rendered":"Idrija Municipal Museum Receives European Donation"},"content":{"rendered":"<p>We are proud and happy to inform you that the Idrija Municipal Museum is among the recipients of the donation that the Council of Europe and the European Commission grant at the call for European Heritage Days Stories. We applied to their call with the story <strong>of Franja Partisan Hospital \u2013 A Hidden Gem of Europe<\/strong> and were among the recipients of the 10,000 \u20ac donation. As a lot of effort went into the preparation of the project, we are extremely happy to be awarded this prize. The author of the awarded story is museum councillor Milojka Magajne, Head of the Cerkno Museum. The awarded project will begin on the 15 July and end of March 2021.<\/p>\n<p><img loading=\"lazy\" decoding=\"async\" class=\"alignnone size-full wp-image-14032\" src=\"https:\/\/www.muzej-idrija-cerkno.si\/wp-content\/uploads\/2021\/04\/Franja-Ang.gif\" alt=\"\" width=\"1636\" height=\"638\" \/><\/p>\n<p>We connected the applied story with the preparation of the exhibition on the Franja Partisan Hospital, with which we wish to travel at home and abroad. A part of this exhibition will also be an interactive visualisation and we will cover its costs with the received donation. It will include a selection of stories, photographs, and audio- and video recordings on the activities of the hospital, available in 7 languages. The exhibition will go on its tour starting in spring 2021 in Krapina, Croatia. This will be the next step in our long-term collaboration with the Krapina Neanderthal Museum, which is also the holder of the European Heritage Label.<\/p>\n<p>&nbsp;<\/p>\n<h3 id=\"tw-target-text\" class=\"tw-data-text tw-text-large XcVN5d tw-ta\" dir=\"ltr\" data-placeholder=\"Prevod\"><span class=\"Y2IQFc\" lang=\"en\">Franja Partisan hospital &#8211; the European Heritage Label holder<\/span><\/h3>\n<p>The participation in the call is connected to the programme of activities we had planned for the Franja Partisan Hospital as the holder of the European Heritage Label. Every four years, the Commission verifies that the holders are fulfilling the conditions to keep the Label, whereby it is important that they are presenting their European dimension to the public. 2020 is the verification year. In February, we wrote a report for the 2016\u20132020 period and prepared the programme for the 2020\u20132023 period. The planned activities strive to widen the promotion of Franja and raise awareness of its values in the European space, addressing various target groups, especially the youth.<\/p>\n<p>During European Heritage Days (26 September to 10 October 2020), we are also planning an open day with a rich programme of activities to happen on 3 october.<\/p>\n<p>Read our story here:<\/p>\n<p><a href=\"http:\/\/www.europeanheritagedays.com\/Story\/593c7\/A-Hidden-Gem-in-Slovenia-%E2%80%93-Franja-Partisan-Hospital\">http:\/\/www.europeanheritagedays.com\/Story\/593c7\/A-Hidden-Gem-in-Slovenia-%E2%80%93-Franja-Partisan-Hospital<\/a><\/p>\n<p>You can find all stories here:<\/p>\n<p><a href=\"http:\/\/www.europeanheritagedays.com\/Story\">http:\/\/www.europeanheritagedays.com\/Story<\/a><\/p>\n<p>&nbsp;<\/p>\n<p><strong>More on the Call for European Heritage Days Stories<\/strong><\/p>\n<p>European Heritage Days are a joint action of numerous European states supported by the Council of Europe and the European Commission. Each year, the organisers chose various topics with which they wish to present the cultural heritage of Europe to the home public, to European citizens, and the world. In 2018, the year of European cultural heritage, European Heritage Days first launched a Call for Stories. The purpose of this initiative is to recognize and encourage the European dimension of efforts in the field of cultural heritage, pursued by heritage communities in Europe.<\/p>\n<p>The goals of the initiative are:<\/p>\n<ul>\n<li>To motivate people to take an active role in Europe\u2019s cultural heritage and strengthen their sense of belonging to the common European space;<\/li>\n<li>To collect testimonials\/stories that provide insight into how communities interpret the European dimension of local heritage;<\/li>\n<li>To identify and promote communities which learn about, protect and preserve cultural heritage, thereby promoting European values, especially cooperation;<\/li>\n<li>To reward communities for their efforts;<\/li>\n<li>To motivate and encourage communities to participate in European Heritage Days.<\/li>\n<\/ul>\n<p>&nbsp;<\/p>\n<p>The Call is open to organisers that have prepared at least one European Heritage Days event; to the European Heritage Award\/Europa Nostra Award winners; and the holders of the European Heritage Label.<\/p>\n<p>&nbsp;<\/p>\n","protected":false},"excerpt":{"rendered":"<p>We are proud and happy to inform you that the Idrija Municipal Museum is among the recipients of the donation that the Council of Europe and the European Commission grant [&hellip;]<\/p>\n","protected":false},"author":4,"featured_media":0,"comment_status":"open","ping_status":"open","sticky":false,"template":"","format":"standard","meta":{"_acf_changed":false,"footnotes":""},"categories":[11],"tags":[],"class_list":["post-13973","post","type-post","status-publish","format-standard","hentry","category-uncategorized"],"acf":[],"yoast_head":"<!-- This site is optimized with the Yoast SEO plugin v27.2 - https:\/\/yoast.com\/product\/yoast-seo-wordpress\/ -->\n<title>Idrija Municipal Museum Receives European Donation - Mestni muzej Idrija<\/title>\n<meta name=\"robots\" content=\"index, follow, max-snippet:-1, max-image-preview:large, max-video-preview:-1\" \/>\n<link rel=\"canonical\" href=\"https:\/\/www.muzej-idrija-cerkno.si\/en\/idrija-municipal-museum-receives-european-donation\/\" \/>\n<meta property=\"og:locale\" content=\"en_US\" \/>\n<meta property=\"og:type\" content=\"article\" \/>\n<meta property=\"og:title\" content=\"Idrija Municipal Museum Receives European Donation - Mestni muzej Idrija\" \/>\n<meta property=\"og:description\" content=\"We are proud and happy to inform you that the Idrija Municipal Museum is among the recipients of the donation that the Council of Europe and the European Commission grant [&hellip;]\" \/>\n<meta property=\"og:url\" content=\"https:\/\/www.muzej-idrija-cerkno.si\/en\/idrija-municipal-museum-receives-european-donation\/\" \/>\n<meta property=\"og:site_name\" content=\"Mestni muzej Idrija\" \/>\n<meta property=\"article:published_time\" content=\"2020-06-29T07:01:34+00:00\" \/>\n<meta property=\"article:modified_time\" content=\"2024-02-02T09:25:29+00:00\" \/>\n<meta property=\"og:image\" content=\"https:\/\/www.muzej-idrija-cerkno.si\/wp-content\/uploads\/2021\/04\/Franja-Ang.gif\" \/>\n<meta name=\"author\" content=\"Milojka\" \/>\n<meta name=\"twitter:card\" content=\"summary_large_image\" \/>\n<meta name=\"twitter:label1\" content=\"Written by\" \/>\n\t<meta name=\"twitter:data1\" content=\"Milojka\" \/>\n\t<meta name=\"twitter:label2\" content=\"Est. reading time\" \/>\n\t<meta name=\"twitter:data2\" content=\"3 minutes\" \/>\n<script type=\"application\/ld+json\" class=\"yoast-schema-graph\">{\"@context\":\"https:\/\/schema.org\",\"@graph\":[{\"@type\":\"Article\",\"@id\":\"https:\/\/www.muzej-idrija-cerkno.si\/en\/idrija-municipal-museum-receives-european-donation\/#article\",\"isPartOf\":{\"@id\":\"https:\/\/www.muzej-idrija-cerkno.si\/en\/idrija-municipal-museum-receives-european-donation\/\"},\"author\":{\"name\":\"Milojka\",\"@id\":\"https:\/\/www.muzej-idrija-cerkno.si\/#\/schema\/person\/3fc1448f2e7a537625045bb05fc50ccf\"},\"headline\":\"Idrija Municipal Museum Receives European Donation\",\"datePublished\":\"2020-06-29T07:01:34+00:00\",\"dateModified\":\"2024-02-02T09:25:29+00:00\",\"mainEntityOfPage\":{\"@id\":\"https:\/\/www.muzej-idrija-cerkno.si\/en\/idrija-municipal-museum-receives-european-donation\/\"},\"wordCount\":609,\"commentCount\":0,\"image\":{\"@id\":\"https:\/\/www.muzej-idrija-cerkno.si\/en\/idrija-municipal-museum-receives-european-donation\/#primaryimage\"},\"thumbnailUrl\":\"https:\/\/www.muzej-idrija-cerkno.si\/wp-content\/uploads\/2021\/04\/Franja-Ang.gif\",\"inLanguage\":\"en-US\",\"potentialAction\":[{\"@type\":\"CommentAction\",\"name\":\"Comment\",\"target\":[\"https:\/\/www.muzej-idrija-cerkno.si\/en\/idrija-municipal-museum-receives-european-donation\/#respond\"]}]},{\"@type\":\"WebPage\",\"@id\":\"https:\/\/www.muzej-idrija-cerkno.si\/en\/idrija-municipal-museum-receives-european-donation\/\",\"url\":\"https:\/\/www.muzej-idrija-cerkno.si\/en\/idrija-municipal-museum-receives-european-donation\/\",\"name\":\"Idrija Municipal Museum Receives European Donation - Mestni muzej Idrija\",\"isPartOf\":{\"@id\":\"https:\/\/www.muzej-idrija-cerkno.si\/#website\"},\"primaryImageOfPage\":{\"@id\":\"https:\/\/www.muzej-idrija-cerkno.si\/en\/idrija-municipal-museum-receives-european-donation\/#primaryimage\"},\"image\":{\"@id\":\"https:\/\/www.muzej-idrija-cerkno.si\/en\/idrija-municipal-museum-receives-european-donation\/#primaryimage\"},\"thumbnailUrl\":\"https:\/\/www.muzej-idrija-cerkno.si\/wp-content\/uploads\/2021\/04\/Franja-Ang.gif\",\"datePublished\":\"2020-06-29T07:01:34+00:00\",\"dateModified\":\"2024-02-02T09:25:29+00:00\",\"author\":{\"@id\":\"https:\/\/www.muzej-idrija-cerkno.si\/#\/schema\/person\/3fc1448f2e7a537625045bb05fc50ccf\"},\"breadcrumb\":{\"@id\":\"https:\/\/www.muzej-idrija-cerkno.si\/en\/idrija-municipal-museum-receives-european-donation\/#breadcrumb\"},\"inLanguage\":\"en-US\",\"potentialAction\":[{\"@type\":\"ReadAction\",\"target\":[\"https:\/\/www.muzej-idrija-cerkno.si\/en\/idrija-municipal-museum-receives-european-donation\/\"]}]},{\"@type\":\"ImageObject\",\"inLanguage\":\"en-US\",\"@id\":\"https:\/\/www.muzej-idrija-cerkno.si\/en\/idrija-municipal-museum-receives-european-donation\/#primaryimage\",\"url\":\"https:\/\/www.muzej-idrija-cerkno.si\/wp-content\/uploads\/2021\/04\/Franja-Ang.gif\",\"contentUrl\":\"https:\/\/www.muzej-idrija-cerkno.si\/wp-content\/uploads\/2021\/04\/Franja-Ang.gif\"},{\"@type\":\"BreadcrumbList\",\"@id\":\"https:\/\/www.muzej-idrija-cerkno.si\/en\/idrija-municipal-museum-receives-european-donation\/#breadcrumb\",\"itemListElement\":[{\"@type\":\"ListItem\",\"position\":1,\"name\":\"Home\",\"item\":\"https:\/\/www.muzej-idrija-cerkno.si\/en\/\"},{\"@type\":\"ListItem\",\"position\":2,\"name\":\"Idrija Municipal Museum Receives European Donation\"}]},{\"@type\":\"WebSite\",\"@id\":\"https:\/\/www.muzej-idrija-cerkno.si\/#website\",\"url\":\"https:\/\/www.muzej-idrija-cerkno.si\/\",\"name\":\"Mestni muzej Idrija\",\"description\":\"\u0160e eno spleti\u0161\u010de WordPress\",\"potentialAction\":[{\"@type\":\"SearchAction\",\"target\":{\"@type\":\"EntryPoint\",\"urlTemplate\":\"https:\/\/www.muzej-idrija-cerkno.si\/?s={search_term_string}\"},\"query-input\":{\"@type\":\"PropertyValueSpecification\",\"valueRequired\":true,\"valueName\":\"search_term_string\"}}],\"inLanguage\":\"en-US\"},{\"@type\":\"Person\",\"@id\":\"https:\/\/www.muzej-idrija-cerkno.si\/#\/schema\/person\/3fc1448f2e7a537625045bb05fc50ccf\",\"name\":\"Milojka\",\"image\":{\"@type\":\"ImageObject\",\"inLanguage\":\"en-US\",\"@id\":\"https:\/\/secure.gravatar.com\/avatar\/3a22c52b4337023017c4d53fe87d6d2db5afca964c22e5e8ad3210bad94de971?s=96&d=mm&r=g\",\"url\":\"https:\/\/secure.gravatar.com\/avatar\/3a22c52b4337023017c4d53fe87d6d2db5afca964c22e5e8ad3210bad94de971?s=96&d=mm&r=g\",\"contentUrl\":\"https:\/\/secure.gravatar.com\/avatar\/3a22c52b4337023017c4d53fe87d6d2db5afca964c22e5e8ad3210bad94de971?s=96&d=mm&r=g\",\"caption\":\"Milojka\"},\"url\":\"https:\/\/www.muzej-idrija-cerkno.si\/en\/author\/milojka\/\"}]}<\/script>\n<!-- \/ Yoast SEO plugin. -->","yoast_head_json":{"title":"Idrija Municipal Museum Receives European Donation - Mestni muzej Idrija","robots":{"index":"index","follow":"follow","max-snippet":"max-snippet:-1","max-image-preview":"max-image-preview:large","max-video-preview":"max-video-preview:-1"},"canonical":"https:\/\/www.muzej-idrija-cerkno.si\/en\/idrija-municipal-museum-receives-european-donation\/","og_locale":"en_US","og_type":"article","og_title":"Idrija Municipal Museum Receives European Donation - Mestni muzej Idrija","og_description":"We are proud and happy to inform you that the Idrija Municipal Museum is among the recipients of the donation that the Council of Europe and the European Commission grant [&hellip;]","og_url":"https:\/\/www.muzej-idrija-cerkno.si\/en\/idrija-municipal-museum-receives-european-donation\/","og_site_name":"Mestni muzej Idrija","article_published_time":"2020-06-29T07:01:34+00:00","article_modified_time":"2024-02-02T09:25:29+00:00","og_image":[{"url":"https:\/\/www.muzej-idrija-cerkno.si\/wp-content\/uploads\/2021\/04\/Franja-Ang.gif","type":"","width":"","height":""}],"author":"Milojka","twitter_card":"summary_large_image","twitter_misc":{"Written by":"Milojka","Est. reading time":"3 minutes"},"schema":{"@context":"https:\/\/schema.org","@graph":[{"@type":"Article","@id":"https:\/\/www.muzej-idrija-cerkno.si\/en\/idrija-municipal-museum-receives-european-donation\/#article","isPartOf":{"@id":"https:\/\/www.muzej-idrija-cerkno.si\/en\/idrija-municipal-museum-receives-european-donation\/"},"author":{"name":"Milojka","@id":"https:\/\/www.muzej-idrija-cerkno.si\/#\/schema\/person\/3fc1448f2e7a537625045bb05fc50ccf"},"headline":"Idrija Municipal Museum Receives European Donation","datePublished":"2020-06-29T07:01:34+00:00","dateModified":"2024-02-02T09:25:29+00:00","mainEntityOfPage":{"@id":"https:\/\/www.muzej-idrija-cerkno.si\/en\/idrija-municipal-museum-receives-european-donation\/"},"wordCount":609,"commentCount":0,"image":{"@id":"https:\/\/www.muzej-idrija-cerkno.si\/en\/idrija-municipal-museum-receives-european-donation\/#primaryimage"},"thumbnailUrl":"https:\/\/www.muzej-idrija-cerkno.si\/wp-content\/uploads\/2021\/04\/Franja-Ang.gif","inLanguage":"en-US","potentialAction":[{"@type":"CommentAction","name":"Comment","target":["https:\/\/www.muzej-idrija-cerkno.si\/en\/idrija-municipal-museum-receives-european-donation\/#respond"]}]},{"@type":"WebPage","@id":"https:\/\/www.muzej-idrija-cerkno.si\/en\/idrija-municipal-museum-receives-european-donation\/","url":"https:\/\/www.muzej-idrija-cerkno.si\/en\/idrija-municipal-museum-receives-european-donation\/","name":"Idrija Municipal Museum Receives European Donation - Mestni muzej Idrija","isPartOf":{"@id":"https:\/\/www.muzej-idrija-cerkno.si\/#website"},"primaryImageOfPage":{"@id":"https:\/\/www.muzej-idrija-cerkno.si\/en\/idrija-municipal-museum-receives-european-donation\/#primaryimage"},"image":{"@id":"https:\/\/www.muzej-idrija-cerkno.si\/en\/idrija-municipal-museum-receives-european-donation\/#primaryimage"},"thumbnailUrl":"https:\/\/www.muzej-idrija-cerkno.si\/wp-content\/uploads\/2021\/04\/Franja-Ang.gif","datePublished":"2020-06-29T07:01:34+00:00","dateModified":"2024-02-02T09:25:29+00:00","author":{"@id":"https:\/\/www.muzej-idrija-cerkno.si\/#\/schema\/person\/3fc1448f2e7a537625045bb05fc50ccf"},"breadcrumb":{"@id":"https:\/\/www.muzej-idrija-cerkno.si\/en\/idrija-municipal-museum-receives-european-donation\/#breadcrumb"},"inLanguage":"en-US","potentialAction":[{"@type":"ReadAction","target":["https:\/\/www.muzej-idrija-cerkno.si\/en\/idrija-municipal-museum-receives-european-donation\/"]}]},{"@type":"ImageObject","inLanguage":"en-US","@id":"https:\/\/www.muzej-idrija-cerkno.si\/en\/idrija-municipal-museum-receives-european-donation\/#primaryimage","url":"https:\/\/www.muzej-idrija-cerkno.si\/wp-content\/uploads\/2021\/04\/Franja-Ang.gif","contentUrl":"https:\/\/www.muzej-idrija-cerkno.si\/wp-content\/uploads\/2021\/04\/Franja-Ang.gif"},{"@type":"BreadcrumbList","@id":"https:\/\/www.muzej-idrija-cerkno.si\/en\/idrija-municipal-museum-receives-european-donation\/#breadcrumb","itemListElement":[{"@type":"ListItem","position":1,"name":"Home","item":"https:\/\/www.muzej-idrija-cerkno.si\/en\/"},{"@type":"ListItem","position":2,"name":"Idrija Municipal Museum Receives European Donation"}]},{"@type":"WebSite","@id":"https:\/\/www.muzej-idrija-cerkno.si\/#website","url":"https:\/\/www.muzej-idrija-cerkno.si\/","name":"Mestni muzej Idrija","description":"\u0160e eno spleti\u0161\u010de WordPress","potentialAction":[{"@type":"SearchAction","target":{"@type":"EntryPoint","urlTemplate":"https:\/\/www.muzej-idrija-cerkno.si\/?s={search_term_string}"},"query-input":{"@type":"PropertyValueSpecification","valueRequired":true,"valueName":"search_term_string"}}],"inLanguage":"en-US"},{"@type":"Person","@id":"https:\/\/www.muzej-idrija-cerkno.si\/#\/schema\/person\/3fc1448f2e7a537625045bb05fc50ccf","name":"Milojka","image":{"@type":"ImageObject","inLanguage":"en-US","@id":"https:\/\/secure.gravatar.com\/avatar\/3a22c52b4337023017c4d53fe87d6d2db5afca964c22e5e8ad3210bad94de971?s=96&d=mm&r=g","url":"https:\/\/secure.gravatar.com\/avatar\/3a22c52b4337023017c4d53fe87d6d2db5afca964c22e5e8ad3210bad94de971?s=96&d=mm&r=g","contentUrl":"https:\/\/secure.gravatar.com\/avatar\/3a22c52b4337023017c4d53fe87d6d2db5afca964c22e5e8ad3210bad94de971?s=96&d=mm&r=g","caption":"Milojka"},"url":"https:\/\/www.muzej-idrija-cerkno.si\/en\/author\/milojka\/"}]}},"_links":{"self":[{"href":"https:\/\/www.muzej-idrija-cerkno.si\/en\/wp-json\/wp\/v2\/posts\/13973","targetHints":{"allow":["GET"]}}],"collection":[{"href":"https:\/\/www.muzej-idrija-cerkno.si\/en\/wp-json\/wp\/v2\/posts"}],"about":[{"href":"https:\/\/www.muzej-idrija-cerkno.si\/en\/wp-json\/wp\/v2\/types\/post"}],"author":[{"embeddable":true,"href":"https:\/\/www.muzej-idrija-cerkno.si\/en\/wp-json\/wp\/v2\/users\/4"}],"replies":[{"embeddable":true,"href":"https:\/\/www.muzej-idrija-cerkno.si\/en\/wp-json\/wp\/v2\/comments?post=13973"}],"version-history":[{"count":3,"href":"https:\/\/www.muzej-idrija-cerkno.si\/en\/wp-json\/wp\/v2\/posts\/13973\/revisions"}],"predecessor-version":[{"id":14031,"href":"https:\/\/www.muzej-idrija-cerkno.si\/en\/wp-json\/wp\/v2\/posts\/13973\/revisions\/14031"}],"wp:attachment":[{"href":"https:\/\/www.muzej-idrija-cerkno.si\/en\/wp-json\/wp\/v2\/media?parent=13973"}],"wp:term":[{"taxonomy":"category","embeddable":true,"href":"https:\/\/www.muzej-idrija-cerkno.si\/en\/wp-json\/wp\/v2\/categories?post=13973"},{"taxonomy":"post_tag","embeddable":true,"href":"https:\/\/www.muzej-idrija-cerkno.si\/en\/wp-json\/wp\/v2\/tags?post=13973"}],"curies":[{"name":"wp","href":"https:\/\/api.w.org\/{rel}","templated":true}]}}